[{"command":"settings","settings":{"pluralDelimiter":"\u0003","suppressDeprecationErrors":true,"ajaxPageState":{"libraries":"eJyrLIpPSixO1S9OLdEtLE0tqtQtSCxKzE0tSS0qBgCf3wsl","theme":"yves_rocher_theme","theme_token":null},"ajaxTrustedUrl":[],"csp":{"nonce":"Y9LqJ8FnEdvHZvH-OszxPw"},"user":{"uid":0,"permissionsHash":"ec2ef73fcbbf5c1e68b1b76b3d4376ebde0b16c82fd25617d557876a19f088d3"}},"merge":true},{"command":"add_css","data":[{"rel":"stylesheet","media":"all","href":"\/themes\/contrib\/stable\/css\/core\/components\/progress.module.css?tecm83"},{"rel":"stylesheet","media":"all","href":"\/themes\/contrib\/stable\/css\/core\/components\/ajax-progress.module.css?tecm83"},{"rel":"stylesheet","media":"all","href":"\/themes\/contrib\/classy\/css\/components\/progress.css?tecm83"}]},{"command":"add_js","selector":"body","data":[{"src":"\/themes\/custom\/yves_rocher_theme\/js\/lib\/jquery.min.js?v=11.3.1"},{"src":"\/core\/assets\/vendor\/once\/once.min.js?v=1.0.1"},{"src":"\/sites\/www.yves-rocher.pt\/files\/languages\/pt-pt_lUkYIkmeTm-mY6EUGEUGoMa7FTVk7IDuA1_gxAYzfFs.js?tecm83"},{"src":"\/core\/misc\/drupalSettingsLoader.js?v=11.3.1"},{"src":"\/core\/misc\/drupal.js?v=11.3.1"},{"src":"\/core\/misc\/drupal.init.js?v=11.3.1"},{"src":"\/core\/assets\/vendor\/tabbable\/index.umd.min.js?v=6.3.0"},{"src":"\/core\/misc\/progress.js?v=11.3.1"},{"src":"\/core\/assets\/vendor\/loadjs\/loadjs.min.js?v=4.3.0"},{"src":"\/core\/misc\/debounce.js?v=11.3.1"},{"src":"\/core\/misc\/announce.js?v=11.3.1"},{"src":"\/core\/misc\/message.js?v=11.3.1"},{"src":"\/core\/misc\/ajax.js?v=11.3.1"},{"src":"\/themes\/custom\/yves_rocher_theme\/js\/preloader.behaviour.js?v=11.3.1"},{"src":"\/themes\/contrib\/stable\/js\/ajax.js?v=11.3.1"},{"src":"\/modules\/custom\/yr_base\/js\/setQueryParameters.ajax.js?tecm83"}]},{"command":"insert","method":"append","selector":".products .grid-section__body","data":"\n\n              \u003Cdiv class=\u0022item-list row mx-0 my-3\u0022\u003E\n        \u003Cdiv class=\u0022item col-6 col-lg-3\u0022\u003E\n  \u003Carticle class=\u0022select_item_a7085038-e453-492a-9206-aad1af9fb8a8gtm commerce-product--grid-page card-base hide-throbber product-13704 product-bundle-colourless_product\u0022 id=\u0022product-13704\u0022\u003E\n  \u003Ca href=\u0022\/rosto\/cuidados-de-rosto\/balsamos-cuidados-para-labios\/balsamo-labios-baunilha\u0022 class=\u0022card-base--wrapper-link\u0022 data-id=\u002213704\u0022\u003E\n    \u003Cdiv class=\u0022card-base--wrapper\u0022\u003E\n      \n      \u003Cdiv class=\u0022field--grid_page--view-mode field field--name-field-gallery field--type-entity-reference field--label-hidden field__items\u0022\u003E\n              \u003Cdiv class=\u0022field__item\u0022\u003E  \n\u003Cdiv class=\u0022img-wrapper\u0022\u003E\n    \u003Cimg loading=\u0022lazy\u0022 src=\u0022\/sites\/www.yves-rocher.pt\/files\/styles\/216x216\/public\/2022-09\/89479_1.png?itok=M5CBxYM6\u0022 width=\u0022216\u0022 height=\u0022216\u0022 alt=\u0022B\u00e1lsamo L\u00e1bios Baunilha | Yves Rocher Portugal\u0022 typeof=\u0022foaf:Image\u0022 class=\u0022image-style-_16x216\u0022 \/\u003E\n  \u003C\/div\u003E\n\n\n\u003C\/div\u003E\n          \u003C\/div\u003E\n        \n      \n      \u003Cdiv class=\u0022card-base--content\u0022\u003E\n        \n            \u003Cdiv class=\u0022field--grid_page--view-mode field field--name-title field--type-string field--label-hidden field__item\u0022\u003E\u003Ch3\u003EB\u00e1lsamo L\u00e1bios Baunilha\u003C\/h3\u003E\u003C\/div\u003E\n            \n        \u003Cdiv class=\u0022text-small\u0022\u003E\n          \n            \u003Cdiv class=\u0022field--grid_page--view-mode field field--name-field-product-recipient field--type-string field--label-hidden field__item\u0022\u003EBatom\u003C\/div\u003E\n            \n          \n            \u003Cdiv class=\u0022field--grid_page--view-mode field field--name-field-product-recipient-qty field--type-decimal field--label-hidden field__item\u0022\u003E4\u003C\/div\u003E\n            \n          \n            \u003Cdiv class=\u0022field--grid_page--view-mode field field--name-field-product-recipient-um field--type-string field--label-hidden field__item\u0022\u003Eg\u003C\/div\u003E\n            \n                  \u003C\/div\u003E\n                        \u003Cdiv class=\u0022commerce-product--product-price\u0022\u003E\n          \n            \u003Cdiv class=\u0022field--grid_page--view-mode field field--name-price field--type-commerce-price field--label-hidden field__item\u0022\u003E3,95\u00a0\u20ac\u003C\/div\u003E\n            \n          \u0026nbsp;\u0026nbsp;\n          \u003Cspan\u003E\u003C\/span\u003E\n\n        \u003C\/div\u003E\n      \u003C\/div\u003E\n    \u003C\/div\u003E\n  \u003C\/a\u003E\n  \u003Cdiv class=\u0022sticky-corner\u0022\u003E\n    \u003Cspan\u003E\u003C\/span\u003E\n\n    \n            \u003Cdiv class=\u0022field--grid_page--view-mode field field--name-wow field--type-boolean field--label-hidden field__item\u0022\u003E\u003Cspan class=\u0022wow\u0022 data-target=\u0022#wow-popup-13704\u0022 data-toggle=\u0022modal\u0022\u003E\u003C\/span\u003E  \u003Cdiv  id=\u0022wow-popup-13704\u0022 tabindex=\u0022-1\u0022 role=\u0022dialog\u0022 aria-hidden=\u0022true\u0022 data-backdrop=\u0022true\u0022 class=\u0022modal modal-outside fade no-title\u0022\u003E\n    \u003Cdiv class=\u0022modal-dialog modal-dialog-centered\u0022 role=\u0022document\u0022\u003E\n      \u003Cdiv class=\u0022modal-content\u0022\u003E\n                \u003Cdiv class=\u0022modal-body\u0022\u003E\n                      \u003Cbutton type=\u0022button\u0022 class=\u0022close\u0022 data-dismiss=\u0022modal\u0022 aria-label=\u0022Close\u0022\u003E\n              \u003Cspan aria-hidden=\u0022true\u0022 class=\u0022icon-close icon\u0022\u003E\u003C\/span\u003E\n            \u003C\/button\u003E\n                    \u003Ca href=\u0022\/acessibilidade-marca\u0022\u003E\n  \u003Cimg src=\u0022\/sites\/www.yves-rocher.pt\/files\/2026-02\/PT-pop-up-wow-catalogo-03-yves-rocher.jpg\u0022 width=\u0022960\u0022 height=\u0022900\u0022 alt=\u0022\u0022 loading=\u0022lazy\u0022 typeof=\u0022foaf:Image\u0022 \/\u003E\n  \u003C\/a\u003E\n        \u003C\/div\u003E\n      \u003C\/div\u003E\n    \u003C\/div\u003E\n  \u003C\/div\u003E\n\u003C\/div\u003E\n            \n  \u003C\/div\u003E\n  \u003Ca href=\u0022\/ajax\/add-product-to-cart\/13704\u0022 class=\u0022use-ajax add-to-cart-button\u0022\u003EAdicionar\u003C\/a\u003E\n  \u003Ca href=\u0022\/ajax\/remove-order-item-from-cart\/13704\/0\u0022 class=\u0022use-ajax remove-from-cart-button\u0022\u003ERemover\u003C\/a\u003E\n  \u003Cdiv  class=\u0022add_to_wishlist_a7085038-e453-492a-9206-aad1af9fb8a8gtm es-wishlist-wrapper product-13704\u0022\u0022\u003E\n  \u003Cbutton class=\u0022btn es-wishlist-button add-to-favorites\u0022 data-pid=\u002221870\u0022\u003E\n    Add to wishlist\n  \u003C\/button\u003E\n\u003C\/div\u003E\n\n  \u003C\/article\u003E\n  \u003Cdiv id=\u0022product-modal-success-13704\u0022 class=\u0022modal-outside\u0022\u003E\u003C\/div\u003E\n\u003C\/div\u003E\n              \u003Cdiv class=\u0022item col-6 col-lg-3\u0022\u003E\n  \u003Carticle class=\u0022select_item_691e6b7d-255a-48ad-a092-49908b2f3161gtm commerce-product--grid-page card-base hide-throbber product-13707 product-bundle-colourless_product\u0022 id=\u0022product-13707\u0022\u003E\n  \u003Ca href=\u0022\/rosto\/cuidados-de-rosto\/balsamos-cuidados-para-labios\/balsamo-labios-coco\u0022 class=\u0022card-base--wrapper-link\u0022 data-id=\u002213707\u0022\u003E\n    \u003Cdiv class=\u0022card-base--wrapper\u0022\u003E\n      \n      \u003Cdiv class=\u0022field--grid_page--view-mode field field--name-field-gallery field--type-entity-reference field--label-hidden field__items\u0022\u003E\n              \u003Cdiv class=\u0022field__item\u0022\u003E  \n\u003Cdiv class=\u0022img-wrapper\u0022\u003E\n    \u003Cimg loading=\u0022lazy\u0022 src=\u0022\/sites\/www.yves-rocher.pt\/files\/styles\/216x216\/public\/2022-09\/89793_1.png?itok=VxMHSU6r\u0022 width=\u0022216\u0022 height=\u0022216\u0022 alt=\u0022B\u00e1lsamo L\u00e1bios Coco | Yves Rocher Portugal\u0022 typeof=\u0022foaf:Image\u0022 class=\u0022image-style-_16x216\u0022 \/\u003E\n  \u003C\/div\u003E\n\n\n\u003C\/div\u003E\n          \u003C\/div\u003E\n        \n      \n      \u003Cdiv class=\u0022card-base--content\u0022\u003E\n        \n            \u003Cdiv class=\u0022field--grid_page--view-mode field field--name-title field--type-string field--label-hidden field__item\u0022\u003E\u003Ch3\u003EB\u00e1lsamo L\u00e1bios Coco\u003C\/h3\u003E\u003C\/div\u003E\n            \n        \u003Cdiv class=\u0022text-small\u0022\u003E\n          \n            \u003Cdiv class=\u0022field--grid_page--view-mode field field--name-field-product-recipient field--type-string field--label-hidden field__item\u0022\u003EBatom\u003C\/div\u003E\n            \n          \n            \u003Cdiv class=\u0022field--grid_page--view-mode field field--name-field-product-recipient-qty field--type-decimal field--label-hidden field__item\u0022\u003E4\u003C\/div\u003E\n            \n          \n            \u003Cdiv class=\u0022field--grid_page--view-mode field field--name-field-product-recipient-um field--type-string field--label-hidden field__item\u0022\u003Eg\u003C\/div\u003E\n            \n                  \u003C\/div\u003E\n                        \u003Cdiv class=\u0022commerce-product--product-price\u0022\u003E\n          \n            \u003Cdiv class=\u0022field--grid_page--view-mode field field--name-price field--type-commerce-price field--label-hidden field__item\u0022\u003E3,95\u00a0\u20ac\u003C\/div\u003E\n            \n          \u0026nbsp;\u0026nbsp;\n          \u003Cspan\u003E\u003C\/span\u003E\n\n        \u003C\/div\u003E\n      \u003C\/div\u003E\n    \u003C\/div\u003E\n  \u003C\/a\u003E\n  \u003Cdiv class=\u0022sticky-corner\u0022\u003E\n    \u003Cspan\u003E\u003C\/span\u003E\n\n    \n            \u003Cdiv class=\u0022field--grid_page--view-mode field field--name-wow field--type-boolean field--label-hidden field__item\u0022\u003E\u003Cspan class=\u0022wow\u0022 data-target=\u0022#wow-popup-13707\u0022 data-toggle=\u0022modal\u0022\u003E\u003C\/span\u003E  \u003Cdiv  id=\u0022wow-popup-13707\u0022 tabindex=\u0022-1\u0022 role=\u0022dialog\u0022 aria-hidden=\u0022true\u0022 data-backdrop=\u0022true\u0022 class=\u0022modal modal-outside fade no-title\u0022\u003E\n    \u003Cdiv class=\u0022modal-dialog modal-dialog-centered\u0022 role=\u0022document\u0022\u003E\n      \u003Cdiv class=\u0022modal-content\u0022\u003E\n                \u003Cdiv class=\u0022modal-body\u0022\u003E\n                      \u003Cbutton type=\u0022button\u0022 class=\u0022close\u0022 data-dismiss=\u0022modal\u0022 aria-label=\u0022Close\u0022\u003E\n              \u003Cspan aria-hidden=\u0022true\u0022 class=\u0022icon-close icon\u0022\u003E\u003C\/span\u003E\n            \u003C\/button\u003E\n                    \u003Ca href=\u0022\/acessibilidade-marca\u0022\u003E\n  \u003Cimg src=\u0022\/sites\/www.yves-rocher.pt\/files\/2026-02\/PT-pop-up-wow-catalogo-03-yves-rocher.jpg\u0022 width=\u0022960\u0022 height=\u0022900\u0022 alt=\u0022\u0022 loading=\u0022lazy\u0022 typeof=\u0022foaf:Image\u0022 \/\u003E\n  \u003C\/a\u003E\n        \u003C\/div\u003E\n      \u003C\/div\u003E\n    \u003C\/div\u003E\n  \u003C\/div\u003E\n\u003C\/div\u003E\n            \n  \u003C\/div\u003E\n  \u003Ca href=\u0022\/ajax\/add-product-to-cart\/13707\u0022 class=\u0022use-ajax add-to-cart-button\u0022\u003EAdicionar\u003C\/a\u003E\n  \u003Ca href=\u0022\/ajax\/remove-order-item-from-cart\/13707\/0\u0022 class=\u0022use-ajax remove-from-cart-button\u0022\u003ERemover\u003C\/a\u003E\n  \u003Cdiv  class=\u0022add_to_wishlist_691e6b7d-255a-48ad-a092-49908b2f3161gtm es-wishlist-wrapper product-13707\u0022\u0022\u003E\n  \u003Cbutton class=\u0022btn es-wishlist-button add-to-favorites\u0022 data-pid=\u002221873\u0022\u003E\n    Add to wishlist\n  \u003C\/button\u003E\n\u003C\/div\u003E\n\n  \u003C\/article\u003E\n  \u003Cdiv id=\u0022product-modal-success-13707\u0022 class=\u0022modal-outside\u0022\u003E\u003C\/div\u003E\n\u003C\/div\u003E\n              \u003Cdiv class=\u0022item col-6 col-lg-3\u0022\u003E\n  \u003Carticle class=\u0022select_item_406200b7-24fd-4872-9b0c-ef8be4f218a1gtm commerce-product--grid-page card-base hide-throbber product-13416 product-bundle-colourless_product\u0022 id=\u0022product-13416\u0022\u003E\n  \u003Ca href=\u0022\/rosto\/cuidados-de-rosto\/balsamos-cuidados-para-labios\/balsamo-labios-framboesa\u0022 class=\u0022card-base--wrapper-link\u0022 data-id=\u002213416\u0022\u003E\n    \u003Cdiv class=\u0022card-base--wrapper\u0022\u003E\n      \n      \u003Cdiv class=\u0022field--grid_page--view-mode field field--name-field-gallery field--type-entity-reference field--label-hidden field__items\u0022\u003E\n              \u003Cdiv class=\u0022field__item\u0022\u003E  \n\u003Cdiv class=\u0022img-wrapper\u0022\u003E\n    \u003Cimg loading=\u0022lazy\u0022 src=\u0022\/sites\/www.yves-rocher.pt\/files\/styles\/216x216\/public\/2022-09\/90390_1.png?itok=q7cz_f5K\u0022 width=\u0022216\u0022 height=\u0022216\u0022 alt=\u0022B\u00e1lsamo L\u00e1bios Framboesa | Yves Rocher Portugal\u0022 typeof=\u0022foaf:Image\u0022 class=\u0022image-style-_16x216\u0022 \/\u003E\n  \u003C\/div\u003E\n\n\n\u003C\/div\u003E\n          \u003C\/div\u003E\n        \n      \n      \u003Cdiv class=\u0022card-base--content\u0022\u003E\n        \n            \u003Cdiv class=\u0022field--grid_page--view-mode field field--name-title field--type-string field--label-hidden field__item\u0022\u003E\u003Ch3\u003EB\u00e1lsamo L\u00e1bios Framboesa\u003C\/h3\u003E\u003C\/div\u003E\n            \n        \u003Cdiv class=\u0022text-small\u0022\u003E\n          \n            \u003Cdiv class=\u0022field--grid_page--view-mode field field--name-field-product-recipient field--type-string field--label-hidden field__item\u0022\u003EBatom\u003C\/div\u003E\n            \n          \n            \u003Cdiv class=\u0022field--grid_page--view-mode field field--name-field-product-recipient-qty field--type-decimal field--label-hidden field__item\u0022\u003E4\u003C\/div\u003E\n            \n          \n            \u003Cdiv class=\u0022field--grid_page--view-mode field field--name-field-product-recipient-um field--type-string field--label-hidden field__item\u0022\u003Eg\u003C\/div\u003E\n            \n                  \u003C\/div\u003E\n                        \u003Cdiv class=\u0022commerce-product--product-price\u0022\u003E\n          \n            \u003Cdiv class=\u0022field--grid_page--view-mode field field--name-price field--type-commerce-price field--label-hidden field__item\u0022\u003E3,95\u00a0\u20ac\u003C\/div\u003E\n            \n          \u0026nbsp;\u0026nbsp;\n          \u003Cspan\u003E\u003C\/span\u003E\n\n        \u003C\/div\u003E\n      \u003C\/div\u003E\n    \u003C\/div\u003E\n  \u003C\/a\u003E\n  \u003Cdiv class=\u0022sticky-corner\u0022\u003E\n    \u003Cspan\u003E\u003C\/span\u003E\n\n    \n            \u003Cdiv class=\u0022field--grid_page--view-mode field field--name-wow field--type-boolean field--label-hidden field__item\u0022\u003E\u003Cspan class=\u0022wow\u0022 data-target=\u0022#wow-popup-13416\u0022 data-toggle=\u0022modal\u0022\u003E\u003C\/span\u003E  \u003Cdiv  id=\u0022wow-popup-13416\u0022 tabindex=\u0022-1\u0022 role=\u0022dialog\u0022 aria-hidden=\u0022true\u0022 data-backdrop=\u0022true\u0022 class=\u0022modal modal-outside fade no-title\u0022\u003E\n    \u003Cdiv class=\u0022modal-dialog modal-dialog-centered\u0022 role=\u0022document\u0022\u003E\n      \u003Cdiv class=\u0022modal-content\u0022\u003E\n                \u003Cdiv class=\u0022modal-body\u0022\u003E\n                      \u003Cbutton type=\u0022button\u0022 class=\u0022close\u0022 data-dismiss=\u0022modal\u0022 aria-label=\u0022Close\u0022\u003E\n              \u003Cspan aria-hidden=\u0022true\u0022 class=\u0022icon-close icon\u0022\u003E\u003C\/span\u003E\n            \u003C\/button\u003E\n                    \u003Ca href=\u0022\/acessibilidade-marca\u0022\u003E\n  \u003Cimg src=\u0022\/sites\/www.yves-rocher.pt\/files\/2026-02\/PT-pop-up-wow-catalogo-03-yves-rocher.jpg\u0022 width=\u0022960\u0022 height=\u0022900\u0022 alt=\u0022\u0022 loading=\u0022lazy\u0022 typeof=\u0022foaf:Image\u0022 \/\u003E\n  \u003C\/a\u003E\n        \u003C\/div\u003E\n      \u003C\/div\u003E\n    \u003C\/div\u003E\n  \u003C\/div\u003E\n\u003C\/div\u003E\n            \n  \u003C\/div\u003E\n  \u003Ca href=\u0022\/ajax\/add-product-to-cart\/13416\u0022 class=\u0022use-ajax add-to-cart-button\u0022\u003EAdicionar\u003C\/a\u003E\n  \u003Ca href=\u0022\/ajax\/remove-order-item-from-cart\/13416\/0\u0022 class=\u0022use-ajax remove-from-cart-button\u0022\u003ERemover\u003C\/a\u003E\n  \u003Cdiv  class=\u0022add_to_wishlist_406200b7-24fd-4872-9b0c-ef8be4f218a1gtm es-wishlist-wrapper product-13416\u0022\u0022\u003E\n  \u003Cbutton class=\u0022btn es-wishlist-button add-to-favorites\u0022 data-pid=\u002221582\u0022\u003E\n    Add to wishlist\n  \u003C\/button\u003E\n\u003C\/div\u003E\n\n  \u003C\/article\u003E\n  \u003Cdiv id=\u0022product-modal-success-13416\u0022 class=\u0022modal-outside\u0022\u003E\u003C\/div\u003E\n\u003C\/div\u003E\n              \u003Cdiv class=\u0022item col-6 col-lg-3\u0022\u003E\n  \u003Carticle class=\u0022select_item_bfa5795e-12b2-46b3-9f8d-6dd8acc893e4gtm commerce-product--grid-page card-base hide-throbber product-13419 product-bundle-colourless_product\u0022 id=\u0022product-13419\u0022\u003E\n  \u003Ca href=\u0022\/rosto\/cuidados-de-rosto\/balsamos-cuidados-para-labios\/balsamo-labios-karite\u0022 class=\u0022card-base--wrapper-link\u0022 data-id=\u002213419\u0022\u003E\n    \u003Cdiv class=\u0022card-base--wrapper\u0022\u003E\n      \n      \u003Cdiv class=\u0022field--grid_page--view-mode field field--name-field-gallery field--type-entity-reference field--label-hidden field__items\u0022\u003E\n              \u003Cdiv class=\u0022field__item\u0022\u003E  \n\u003Cdiv class=\u0022img-wrapper\u0022\u003E\n    \u003Cimg loading=\u0022lazy\u0022 src=\u0022\/sites\/www.yves-rocher.pt\/files\/styles\/216x216\/public\/2022-09\/43221_1.png?itok=S_nG-8ua\u0022 width=\u0022216\u0022 height=\u0022216\u0022 alt=\u0022B\u00e1lsamo L\u00e1bios Karit\u00e9 | Yves Rocher Portugal\u0022 typeof=\u0022foaf:Image\u0022 class=\u0022image-style-_16x216\u0022 \/\u003E\n  \u003C\/div\u003E\n\n\n\u003C\/div\u003E\n          \u003C\/div\u003E\n        \n      \n      \u003Cdiv class=\u0022card-base--content\u0022\u003E\n        \n            \u003Cdiv class=\u0022field--grid_page--view-mode field field--name-title field--type-string field--label-hidden field__item\u0022\u003E\u003Ch3\u003EB\u00e1lsamo L\u00e1bios Karit\u00e9\u003C\/h3\u003E\u003C\/div\u003E\n            \n        \u003Cdiv class=\u0022text-small\u0022\u003E\n          \n            \u003Cdiv class=\u0022field--grid_page--view-mode field field--name-field-product-recipient field--type-string field--label-hidden field__item\u0022\u003EBatom\u003C\/div\u003E\n            \n          \n            \u003Cdiv class=\u0022field--grid_page--view-mode field field--name-field-product-recipient-qty field--type-decimal field--label-hidden field__item\u0022\u003E4\u003C\/div\u003E\n            \n          \n            \u003Cdiv class=\u0022field--grid_page--view-mode field field--name-field-product-recipient-um field--type-string field--label-hidden field__item\u0022\u003Eg\u003C\/div\u003E\n            \n                  \u003C\/div\u003E\n                        \u003Cdiv class=\u0022commerce-product--product-price\u0022\u003E\n          \n            \u003Cdiv class=\u0022field--grid_page--view-mode field field--name-price field--type-commerce-price field--label-hidden field__item\u0022\u003E3,95\u00a0\u20ac\u003C\/div\u003E\n            \n          \u0026nbsp;\u0026nbsp;\n          \u003Cspan\u003E\u003C\/span\u003E\n\n        \u003C\/div\u003E\n      \u003C\/div\u003E\n    \u003C\/div\u003E\n  \u003C\/a\u003E\n  \u003Cdiv class=\u0022sticky-corner\u0022\u003E\n    \u003Cspan\u003E\u003C\/span\u003E\n\n    \n            \u003Cdiv class=\u0022field--grid_page--view-mode field field--name-wow field--type-boolean field--label-hidden field__item\u0022\u003E\u003Cspan class=\u0022wow\u0022 data-target=\u0022#wow-popup-13419\u0022 data-toggle=\u0022modal\u0022\u003E\u003C\/span\u003E  \u003Cdiv  id=\u0022wow-popup-13419\u0022 tabindex=\u0022-1\u0022 role=\u0022dialog\u0022 aria-hidden=\u0022true\u0022 data-backdrop=\u0022true\u0022 class=\u0022modal modal-outside fade no-title\u0022\u003E\n    \u003Cdiv class=\u0022modal-dialog modal-dialog-centered\u0022 role=\u0022document\u0022\u003E\n      \u003Cdiv class=\u0022modal-content\u0022\u003E\n                \u003Cdiv class=\u0022modal-body\u0022\u003E\n                      \u003Cbutton type=\u0022button\u0022 class=\u0022close\u0022 data-dismiss=\u0022modal\u0022 aria-label=\u0022Close\u0022\u003E\n              \u003Cspan aria-hidden=\u0022true\u0022 class=\u0022icon-close icon\u0022\u003E\u003C\/span\u003E\n            \u003C\/button\u003E\n                    \u003Ca href=\u0022\/acessibilidade-marca\u0022\u003E\n  \u003Cimg src=\u0022\/sites\/www.yves-rocher.pt\/files\/2026-02\/PT-pop-up-wow-catalogo-03-yves-rocher.jpg\u0022 width=\u0022960\u0022 height=\u0022900\u0022 alt=\u0022\u0022 loading=\u0022lazy\u0022 typeof=\u0022foaf:Image\u0022 \/\u003E\n  \u003C\/a\u003E\n        \u003C\/div\u003E\n      \u003C\/div\u003E\n    \u003C\/div\u003E\n  \u003C\/div\u003E\n\u003C\/div\u003E\n            \n  \u003C\/div\u003E\n  \u003Ca href=\u0022\/ajax\/add-product-to-cart\/13419\u0022 class=\u0022use-ajax add-to-cart-button\u0022\u003EAdicionar\u003C\/a\u003E\n  \u003Ca href=\u0022\/ajax\/remove-order-item-from-cart\/13419\/0\u0022 class=\u0022use-ajax remove-from-cart-button\u0022\u003ERemover\u003C\/a\u003E\n  \u003Cdiv  class=\u0022add_to_wishlist_bfa5795e-12b2-46b3-9f8d-6dd8acc893e4gtm es-wishlist-wrapper product-13419\u0022\u0022\u003E\n  \u003Cbutton class=\u0022btn es-wishlist-button add-to-favorites\u0022 data-pid=\u002221585\u0022\u003E\n    Add to wishlist\n  \u003C\/button\u003E\n\u003C\/div\u003E\n\n  \u003C\/article\u003E\n  \u003Cdiv id=\u0022product-modal-success-13419\u0022 class=\u0022modal-outside\u0022\u003E\u003C\/div\u003E\n\u003C\/div\u003E\n          \u003C\/div\u003E\n                \u003Cdiv class=\u0022item-list row mx-0 my-3\u0022\u003E\n        \u003Cdiv class=\u0022item col-6 col-lg-3\u0022\u003E\n  \u003Carticle class=\u0022select_item_3f4a9485-4fc6-49bb-9a1f-751f0b83eefdgtm commerce-product--grid-page card-base hide-throbber product-18286 product-bundle-colourless_product\u0022 id=\u0022product-18286\u0022\u003E\n  \u003Ca href=\u0022\/corpo-solares\/higiene\/sabonete-maos\/sabonete-liquido-para-maos-lucia-lima-flor-de-camomila\u0022 class=\u0022card-base--wrapper-link\u0022 data-id=\u002218286\u0022\u003E\n    \u003Cdiv class=\u0022card-base--wrapper\u0022\u003E\n      \n      \u003Cdiv class=\u0022field--grid_page--view-mode field field--name-field-gallery field--type-entity-reference field--label-hidden field__items\u0022\u003E\n              \u003Cdiv class=\u0022field__item\u0022\u003E  \n\u003Cdiv class=\u0022img-wrapper\u0022\u003E\n    \u003Cimg loading=\u0022lazy\u0022 src=\u0022\/sites\/www.yves-rocher.pt\/files\/styles\/216x216\/public\/2025-07\/07495-07495-sabonete-liquido-maos-lucia-lima-flor-de-camomila-aroma-yves-rocher.png?itok=PJYyQkD1\u0022 width=\u0022216\u0022 height=\u0022216\u0022 alt=\u0022Sabonete L\u00edquido M\u00e3os L\u00facia-Lima \u0026amp; Flor de Camomila | Yves Rocher Portugal\u0022 typeof=\u0022foaf:Image\u0022 class=\u0022image-style-_16x216\u0022 \/\u003E\n  \u003C\/div\u003E\n\n\n\u003C\/div\u003E\n          \u003C\/div\u003E\n        \n      \n            \u003Cdiv class=\u0022field--grid_page--view-mode field field--name-field-campaign field--type-string field--label-hidden field__item\u0022\u003ENOVO\u003C\/div\u003E\n            \n      \u003Cdiv class=\u0022card-base--content\u0022\u003E\n        \n            \u003Cdiv class=\u0022field--grid_page--view-mode field field--name-title field--type-string field--label-hidden field__item\u0022\u003E\u003Ch3\u003E Sabonete L\u00edquido para as M\u00e3os...\u003C\/h3\u003E\u003C\/div\u003E\n            \n        \u003Cdiv class=\u0022text-small\u0022\u003E\n          \n            \u003Cdiv class=\u0022field--grid_page--view-mode field field--name-field-product-recipient field--type-string field--label-hidden field__item\u0022\u003EFrasco\u003C\/div\u003E\n            \n          \n            \u003Cdiv class=\u0022field--grid_page--view-mode field field--name-field-product-recipient-qty field--type-decimal field--label-hidden field__item\u0022\u003E190\u003C\/div\u003E\n            \n          \n            \u003Cdiv class=\u0022field--grid_page--view-mode field field--name-field-product-recipient-um field--type-string field--label-hidden field__item\u0022\u003Eml\u003C\/div\u003E\n            \n                  \u003C\/div\u003E\n                        \u003Cdiv class=\u0022commerce-product--product-price\u0022\u003E\n          \n            \u003Cdiv class=\u0022field--grid_page--view-mode field field--name-price field--type-commerce-price field--label-hidden field__item\u0022\u003E4,95\u00a0\u20ac\u003C\/div\u003E\n            \n          \u0026nbsp;\u0026nbsp;\n          \u003Cspan\u003E\u003C\/span\u003E\n\n        \u003C\/div\u003E\n      \u003C\/div\u003E\n    \u003C\/div\u003E\n  \u003C\/a\u003E\n  \u003Cdiv class=\u0022sticky-corner\u0022\u003E\n    \u003Cspan\u003E\u003C\/span\u003E\n\n    \n  \u003C\/div\u003E\n  \u003Ca href=\u0022\/ajax\/add-product-to-cart\/18286\u0022 class=\u0022use-ajax add-to-cart-button\u0022\u003EAdicionar\u003C\/a\u003E\n  \u003Ca href=\u0022\/ajax\/remove-order-item-from-cart\/18286\/0\u0022 class=\u0022use-ajax remove-from-cart-button\u0022\u003ERemover\u003C\/a\u003E\n  \u003Cdiv  class=\u0022add_to_wishlist_3f4a9485-4fc6-49bb-9a1f-751f0b83eefdgtm es-wishlist-wrapper product-18286\u0022\u0022\u003E\n  \u003Cbutton class=\u0022btn es-wishlist-button add-to-favorites\u0022 data-pid=\u002228066\u0022\u003E\n    Add to wishlist\n  \u003C\/button\u003E\n\u003C\/div\u003E\n\n  \u003C\/article\u003E\n  \u003Cdiv id=\u0022product-modal-success-18286\u0022 class=\u0022modal-outside\u0022\u003E\u003C\/div\u003E\n\u003C\/div\u003E\n              \u003Cdiv class=\u0022item col-6 col-lg-3\u0022\u003E\n  \u003Carticle class=\u0022select_item_2bf502d0-962d-46fa-9a76-6fe727d90b76gtm commerce-product--grid-page card-base hide-throbber product-16495 product-bundle-colourless_product\u0022 id=\u0022product-16495\u0022\u003E\n  \u003Ca href=\u0022\/corpo-solares\/higiene\/sabonete-maos\/sabonete-liquido-baunilha-bourbon\u0022 class=\u0022card-base--wrapper-link\u0022 data-id=\u002216495\u0022\u003E\n    \u003Cdiv class=\u0022card-base--wrapper\u0022\u003E\n      \n      \u003Cdiv class=\u0022field--grid_page--view-mode field field--name-field-gallery field--type-entity-reference field--label-hidden field__items\u0022\u003E\n              \u003Cdiv class=\u0022field__item\u0022\u003E  \n\u003Cdiv class=\u0022img-wrapper\u0022\u003E\n    \u003Cimg loading=\u0022lazy\u0022 src=\u0022\/sites\/www.yves-rocher.pt\/files\/styles\/216x216\/public\/2022-09\/55013.png?itok=ItTCK9qN\u0022 width=\u0022216\u0022 height=\u0022216\u0022 alt=\u0022Sabonete L\u00edquido Baunilha Bourbon | Yves Rocher Portugal\u0022 typeof=\u0022foaf:Image\u0022 class=\u0022image-style-_16x216\u0022 \/\u003E\n  \u003C\/div\u003E\n\n\n\u003C\/div\u003E\n          \u003C\/div\u003E\n        \n      \n      \u003Cdiv class=\u0022card-base--content\u0022\u003E\n        \n            \u003Cdiv class=\u0022field--grid_page--view-mode field field--name-title field--type-string field--label-hidden field__item\u0022\u003E\u003Ch3\u003ESabonete L\u00edquido Baunilha Bourbon\u003C\/h3\u003E\u003C\/div\u003E\n            \n        \u003Cdiv class=\u0022text-small\u0022\u003E\n          \n            \u003Cdiv class=\u0022field--grid_page--view-mode field field--name-field-product-recipient field--type-string field--label-hidden field__item\u0022\u003EFrasco\u003C\/div\u003E\n            \n          \n            \u003Cdiv class=\u0022field--grid_page--view-mode field field--name-field-product-recipient-qty field--type-decimal field--label-hidden field__item\u0022\u003E190\u003C\/div\u003E\n            \n          \n            \u003Cdiv class=\u0022field--grid_page--view-mode field field--name-field-product-recipient-um field--type-string field--label-hidden field__item\u0022\u003Eml\u003C\/div\u003E\n            \n                  \u003C\/div\u003E\n                        \u003Cdiv class=\u0022commerce-product--product-price\u0022\u003E\n          \n            \u003Cdiv class=\u0022field--grid_page--view-mode field field--name-price field--type-commerce-price field--label-hidden field__item\u0022\u003E4,95\u00a0\u20ac\u003C\/div\u003E\n            \n          \u0026nbsp;\u0026nbsp;\n          \u003Cspan\u003E\u003C\/span\u003E\n\n        \u003C\/div\u003E\n      \u003C\/div\u003E\n    \u003C\/div\u003E\n  \u003C\/a\u003E\n  \u003Cdiv class=\u0022sticky-corner\u0022\u003E\n    \u003Cspan\u003E\u003C\/span\u003E\n\n    \n  \u003C\/div\u003E\n  \u003Ca href=\u0022\/ajax\/add-product-to-cart\/16495\u0022 class=\u0022use-ajax add-to-cart-button\u0022\u003EAdicionar\u003C\/a\u003E\n  \u003Ca href=\u0022\/ajax\/remove-order-item-from-cart\/16495\/0\u0022 class=\u0022use-ajax remove-from-cart-button\u0022\u003ERemover\u003C\/a\u003E\n  \u003Cdiv  class=\u0022add_to_wishlist_2bf502d0-962d-46fa-9a76-6fe727d90b76gtm es-wishlist-wrapper product-16495\u0022\u0022\u003E\n  \u003Cbutton class=\u0022btn es-wishlist-button add-to-favorites\u0022 data-pid=\u002225738\u0022\u003E\n    Add to wishlist\n  \u003C\/button\u003E\n\u003C\/div\u003E\n\n  \u003C\/article\u003E\n  \u003Cdiv id=\u0022product-modal-success-16495\u0022 class=\u0022modal-outside\u0022\u003E\u003C\/div\u003E\n\u003C\/div\u003E\n              \u003Cdiv class=\u0022item col-6 col-lg-3\u0022\u003E\n  \u003Carticle class=\u0022select_item_70a432e1-2b0c-41a9-828a-ba521a376526gtm commerce-product--grid-page card-base hide-throbber product-15360 product-bundle-colourless_product\u0022 id=\u0022product-15360\u0022\u003E\n  \u003Ca href=\u0022\/corpo-solares\/higiene\/sabonete-maos\/sabonete-liquido-aveia-trigo-sarraceno\u0022 class=\u0022card-base--wrapper-link\u0022 data-id=\u002215360\u0022\u003E\n    \u003Cdiv class=\u0022card-base--wrapper\u0022\u003E\n      \n      \u003Cdiv class=\u0022field--grid_page--view-mode field field--name-field-gallery field--type-entity-reference field--label-hidden field__items\u0022\u003E\n              \u003Cdiv class=\u0022field__item\u0022\u003E  \n\u003Cdiv class=\u0022img-wrapper\u0022\u003E\n    \u003Cimg loading=\u0022lazy\u0022 src=\u0022\/sites\/www.yves-rocher.pt\/files\/styles\/216x216\/public\/2023-08\/33158.png?itok=21oYMPon\u0022 width=\u0022216\u0022 height=\u0022216\u0022 alt=\u0022Sabonete L\u00edquido para M\u00e3os Aveia \u0026amp; Trigo Sarraceno | Yves Rocher Portugal\u0022 typeof=\u0022foaf:Image\u0022 class=\u0022image-style-_16x216\u0022 \/\u003E\n  \u003C\/div\u003E\n\n\n\u003C\/div\u003E\n          \u003C\/div\u003E\n        \n      \n      \u003Cdiv class=\u0022card-base--content\u0022\u003E\n        \n            \u003Cdiv class=\u0022field--grid_page--view-mode field field--name-title field--type-string field--label-hidden field__item\u0022\u003E\u003Ch3\u003E Sabonete L\u00edquido Aveia \u0026amp; Trigo...\u003C\/h3\u003E\u003C\/div\u003E\n            \n        \u003Cdiv class=\u0022text-small\u0022\u003E\n          \n            \u003Cdiv class=\u0022field--grid_page--view-mode field field--name-field-product-recipient field--type-string field--label-hidden field__item\u0022\u003EFrasco\u003C\/div\u003E\n            \n          \n            \u003Cdiv class=\u0022field--grid_page--view-mode field field--name-field-product-recipient-qty field--type-decimal field--label-hidden field__item\u0022\u003E190\u003C\/div\u003E\n            \n          \n            \u003Cdiv class=\u0022field--grid_page--view-mode field field--name-field-product-recipient-um field--type-string field--label-hidden field__item\u0022\u003Eml\u003C\/div\u003E\n            \n                  \u003C\/div\u003E\n                        \u003Cdiv class=\u0022commerce-product--product-price\u0022\u003E\n          \n            \u003Cdiv class=\u0022field--grid_page--view-mode field field--name-price field--type-commerce-price field--label-hidden field__item\u0022\u003E4,95\u00a0\u20ac\u003C\/div\u003E\n            \n          \u0026nbsp;\u0026nbsp;\n          \u003Cspan\u003E\u003C\/span\u003E\n\n        \u003C\/div\u003E\n      \u003C\/div\u003E\n    \u003C\/div\u003E\n  \u003C\/a\u003E\n  \u003Cdiv class=\u0022sticky-corner\u0022\u003E\n    \u003Cspan\u003E\u003C\/span\u003E\n\n    \n  \u003C\/div\u003E\n  \u003Ca href=\u0022\/ajax\/add-product-to-cart\/15360\u0022 class=\u0022use-ajax add-to-cart-button\u0022\u003EAdicionar\u003C\/a\u003E\n  \u003Ca href=\u0022\/ajax\/remove-order-item-from-cart\/15360\/0\u0022 class=\u0022use-ajax remove-from-cart-button\u0022\u003ERemover\u003C\/a\u003E\n  \u003Cdiv  class=\u0022add_to_wishlist_70a432e1-2b0c-41a9-828a-ba521a376526gtm es-wishlist-wrapper product-15360\u0022\u0022\u003E\n  \u003Cbutton class=\u0022btn es-wishlist-button add-to-favorites\u0022 data-pid=\u002224291\u0022\u003E\n    Add to wishlist\n  \u003C\/button\u003E\n\u003C\/div\u003E\n\n  \u003C\/article\u003E\n  \u003Cdiv id=\u0022product-modal-success-15360\u0022 class=\u0022modal-outside\u0022\u003E\u003C\/div\u003E\n\u003C\/div\u003E\n              \u003Cdiv class=\u0022item col-6 col-lg-3\u0022\u003E\n  \u003Carticle class=\u0022select_item_c80d90a0-af72-4beb-ae85-17d7c6dd8c21gtm commerce-product--grid-page card-base hide-throbber product-13461 product-bundle-colourless_product\u0022 id=\u0022product-13461\u0022\u003E\n  \u003Ca href=\u0022\/corpo-solares\/higiene\/gel-duche\/gel-duche-concentrado-baunilha\u0022 class=\u0022card-base--wrapper-link\u0022 data-id=\u002213461\u0022\u003E\n    \u003Cdiv class=\u0022card-base--wrapper\u0022\u003E\n      \n      \u003Cdiv class=\u0022field--grid_page--view-mode field field--name-field-gallery field--type-entity-reference field--label-hidden field__items\u0022\u003E\n              \u003Cdiv class=\u0022field__item\u0022\u003E  \n\u003Cdiv class=\u0022img-wrapper\u0022\u003E\n    \u003Cimg loading=\u0022lazy\u0022 src=\u0022\/sites\/www.yves-rocher.pt\/files\/styles\/216x216\/public\/2022-09\/73261_0.png?itok=idxstQk1\u0022 width=\u0022216\u0022 height=\u0022216\u0022 alt=\u0022Gel Duche Concentrado Baunilha | Yves Rocher Portugal\u0022 typeof=\u0022foaf:Image\u0022 class=\u0022image-style-_16x216\u0022 \/\u003E\n  \u003C\/div\u003E\n\n\n\u003C\/div\u003E\n          \u003C\/div\u003E\n        \n      \n      \u003Cdiv class=\u0022card-base--content\u0022\u003E\n        \n            \u003Cdiv class=\u0022field--grid_page--view-mode field field--name-title field--type-string field--label-hidden field__item\u0022\u003E\u003Ch3\u003EGel Duche Concentrado Baunilha\u003C\/h3\u003E\u003C\/div\u003E\n            \n        \u003Cdiv class=\u0022text-small\u0022\u003E\n          \n            \u003Cdiv class=\u0022field--grid_page--view-mode field field--name-field-product-recipient field--type-string field--label-hidden field__item\u0022\u003EFrasco\u003C\/div\u003E\n            \n          \n            \u003Cdiv class=\u0022field--grid_page--view-mode field field--name-field-product-recipient-qty field--type-decimal field--label-hidden field__item\u0022\u003E100\u003C\/div\u003E\n            \n          \n            \u003Cdiv class=\u0022field--grid_page--view-mode field field--name-field-product-recipient-um field--type-string field--label-hidden field__item\u0022\u003Eml\u003C\/div\u003E\n            \n                  \u003C\/div\u003E\n                        \u003Cdiv class=\u0022commerce-product--product-price\u0022\u003E\n          \n            \u003Cdiv class=\u0022field--grid_page--view-mode field field--name-price field--type-commerce-price field--label-hidden field__item\u0022\u003E4,95\u00a0\u20ac\u003C\/div\u003E\n            \n          \u0026nbsp;\u0026nbsp;\n          \u003Cspan\u003E\u003C\/span\u003E\n\n        \u003C\/div\u003E\n      \u003C\/div\u003E\n    \u003C\/div\u003E\n  \u003C\/a\u003E\n  \u003Cdiv class=\u0022sticky-corner\u0022\u003E\n    \u003Cspan\u003E\u003C\/span\u003E\n\n    \n            \u003Cdiv class=\u0022field--grid_page--view-mode field field--name-wow field--type-boolean field--label-hidden field__item\u0022\u003E\u003Cspan class=\u0022wow\u0022 data-target=\u0022#wow-popup-13461\u0022 data-toggle=\u0022modal\u0022\u003E\u003C\/span\u003E  \u003Cdiv  id=\u0022wow-popup-13461\u0022 tabindex=\u0022-1\u0022 role=\u0022dialog\u0022 aria-hidden=\u0022true\u0022 data-backdrop=\u0022true\u0022 class=\u0022modal modal-outside fade no-title\u0022\u003E\n    \u003Cdiv class=\u0022modal-dialog modal-dialog-centered\u0022 role=\u0022document\u0022\u003E\n      \u003Cdiv class=\u0022modal-content\u0022\u003E\n                \u003Cdiv class=\u0022modal-body\u0022\u003E\n                      \u003Cbutton type=\u0022button\u0022 class=\u0022close\u0022 data-dismiss=\u0022modal\u0022 aria-label=\u0022Close\u0022\u003E\n              \u003Cspan aria-hidden=\u0022true\u0022 class=\u0022icon-close icon\u0022\u003E\u003C\/span\u003E\n            \u003C\/button\u003E\n                    \u003Ca href=\u0022\/acessibilidade-marca\u0022\u003E\n  \u003Cimg src=\u0022\/sites\/www.yves-rocher.pt\/files\/2026-02\/PT-pop-up-wow-catalogo-03-yves-rocher.jpg\u0022 width=\u0022960\u0022 height=\u0022900\u0022 alt=\u0022\u0022 loading=\u0022lazy\u0022 typeof=\u0022foaf:Image\u0022 \/\u003E\n  \u003C\/a\u003E\n        \u003C\/div\u003E\n      \u003C\/div\u003E\n    \u003C\/div\u003E\n  \u003C\/div\u003E\n\u003C\/div\u003E\n            \n  \u003C\/div\u003E\n  \u003Ca href=\u0022\/ajax\/add-product-to-cart\/13461\u0022 class=\u0022use-ajax add-to-cart-button\u0022\u003EAdicionar\u003C\/a\u003E\n  \u003Ca href=\u0022\/ajax\/remove-order-item-from-cart\/13461\/0\u0022 class=\u0022use-ajax remove-from-cart-button\u0022\u003ERemover\u003C\/a\u003E\n  \u003Cdiv  class=\u0022add_to_wishlist_c80d90a0-af72-4beb-ae85-17d7c6dd8c21gtm es-wishlist-wrapper product-13461\u0022\u0022\u003E\n  \u003Cbutton class=\u0022btn es-wishlist-button add-to-favorites\u0022 data-pid=\u002221627\u0022\u003E\n    Add to wishlist\n  \u003C\/button\u003E\n\u003C\/div\u003E\n\n  \u003C\/article\u003E\n  \u003Cdiv id=\u0022product-modal-success-13461\u0022 class=\u0022modal-outside\u0022\u003E\u003C\/div\u003E\n\u003C\/div\u003E\n          \u003C\/div\u003E\n      ","settings":null},{"command":"remove","selector":".products .show-more a"},{"command":"insert","method":"append","selector":".products .show-more","data":"\u003Ca href=\u0022\/ajax\/grid-view\/range\/2518\/show-more?sortField=price\u0026amp;sortDir=ASC\u0026amp;\u0026amp;page=2\u0026amp;keyword=\u0022 class=\u0022link js-load-more\u0022 data-progress-type=\u0022infinity\u0022\u003E\u003C\/a\u003E","settings":null},{"command":"setQueryParameters","params":{"sortField":"price","sortDir":"ASC","filters":[],"page":0,"keyword":"","itemsPerPage":16}}]